{"id":1922,"date":"2025-07-03T12:58:29","date_gmt":"2025-07-03T17:58:29","guid":{"rendered":"https:\/\/revistafanatikos.com\/portal\/?p=1922"},"modified":"2025-07-03T13:01:00","modified_gmt":"2025-07-03T18:01:00","slug":"luto-en-el-futbol-mundial-fallecio-tragicamente-diogo-jota-jugador-de-liverpool","status":"publish","type":"post","link":"https:\/\/revistafanatikos.com\/portal\/2025\/07\/03\/luto-en-el-futbol-mundial-fallecio-tragicamente-diogo-jota-jugador-de-liverpool\/","title":{"rendered":"Luto en el f\u00fatbol mundial: Falleci\u00f3 tr\u00e1gicamente Diogo Jota, jugador de Liverpool"},"content":{"rendered":"\n<p>Diogo Jota, jugador de Liverpool y compa\u00f1ero de Luis D\u00edaz, falleci\u00f3 en tr\u00e1gico accidente de tr\u00e1nsito junto a su hermano Andr\u00e9 Silva en Zamora, Espa\u00f1a. <\/p>\n\n\n\n<p>El accidente ocurri\u00f3 en la madrugada del mi\u00e9rcoles 3 de julio, en el automovil se encontraba Diogo Jota, de 28 a\u00f1os,  junto a su hermano Andr\u00e9 Jota, de 26 a\u00f1os, tambi\u00e9n futbolista. El siniestro ocurri\u00f3 en la autov\u00eda A-52, a la altura de Palacios de Sanabria, en la provincia de Zamora, Espa\u00f1a. Ambos viajaban en un Lamborghini que, al parecer, sufri\u00f3 el estallido de una llanta mientras pasaba a otro veh\u00edculo. El autom\u00f3vil que se desplazaba a una alta velocidad se sali\u00f3 de la v\u00eda y se incendi\u00f3 de forma inmediata.<\/p>\n\n\n<div class=\"wp-block-image\">\n<figure class=\"aligncenter size-full\"><img loading=\"lazy\" decoding=\"async\" width=\"600\" height=\"450\" data-attachment-id=\"1927\" data-permalink=\"https:\/\/revistafanatikos.com\/portal\/2025\/07\/03\/luto-en-el-futbol-mundial-fallecio-tragicamente-diogo-jota-jugador-de-liverpool\/accidente-diego-jota\/\" data-orig-file=\"https:\/\/revistafanatikos.com\/portal\/wp-content\/uploads\/2025\/07\/accidente-diego-jota.jpeg\" data-orig-size=\"600,450\" data-comments-opened=\"0\" data-image-meta=\"{&quot;aperture&quot;:&quot;0&quot;,&quot;credit&quot;:&quot;&quot;,&quot;camera&quot;:&quot;&quot;,&quot;caption&quot;:&quot;&quot;,&quot;created_timestamp&quot;:&quot;0&quot;,&quot;copyright&quot;:&quot;&quot;,&quot;focal_length&quot;:&quot;0&quot;,&quot;iso&quot;:&quot;0&quot;,&quot;shutter_speed&quot;:&quot;0&quot;,&quot;title&quot;:&quot;&quot;,&quot;orientation&quot;:&quot;0&quot;}\" data-image-title=\"accidente diego jota\" data-image-description=\"\" data-image-caption=\"\" data-medium-file=\"https:\/\/revistafanatikos.com\/portal\/wp-content\/uploads\/2025\/07\/accidente-diego-jota-300x225.jpeg\" data-large-file=\"https:\/\/revistafanatikos.com\/portal\/wp-content\/uploads\/2025\/07\/accidente-diego-jota.jpeg\" src=\"https:\/\/revistafanatikos.com\/portal\/wp-content\/uploads\/2025\/07\/accidente-diego-jota.jpeg\" alt=\"Foto: Tomada de Internet\" class=\"wp-image-1927\" srcset=\"https:\/\/revistafanatikos.com\/portal\/wp-content\/uploads\/2025\/07\/accidente-diego-jota.jpeg 600w, https:\/\/revistafanatikos.com\/portal\/wp-content\/uploads\/2025\/07\/accidente-diego-jota-300x225.jpeg 300w\" sizes=\"auto, (max-width: 600px) 100vw, 600px\" \/><figcaption class=\"wp-element-caption\"><em>Foto: Tomada de Internet<\/em><\/figcaption><\/figure>\n<\/div>\n\n\n<p>El jugador hace apenas cinco d\u00edas, compart\u00eda en sus redes sociales las fotograf\u00edas de su boda con Rute Cardoso, su pareja desde la adolescencia. Se casaron despu\u00e9s de diez a\u00f1os de relaci\u00f3n y con dos hijos en com\u00fan, celebraron una ceremonia \u00edntima, rodeados de amigos y familiares, marcada por la alegr\u00eda y el amor. Hoy, esa felicidad se ha convertido en tragedia.<\/p>\n\n\n<div class=\"wp-block-image\">\n<figure class=\"aligncenter size-full\"><img loading=\"lazy\" decoding=\"async\" width=\"434\" height=\"457\" data-attachment-id=\"1928\" data-permalink=\"https:\/\/revistafanatikos.com\/portal\/2025\/07\/03\/luto-en-el-futbol-mundial-fallecio-tragicamente-diogo-jota-jugador-de-liverpool\/diogo-jota-y-su-familia\/\" data-orig-file=\"https:\/\/revistafanatikos.com\/portal\/wp-content\/uploads\/2025\/07\/diogo-jota-y-su-familia.png\" data-orig-size=\"434,457\" data-comments-opened=\"0\" data-image-meta=\"{&quot;aperture&quot;:&quot;0&quot;,&quot;credit&quot;:&quot;&quot;,&quot;camera&quot;:&quot;&quot;,&quot;caption&quot;:&quot;&quot;,&quot;created_timestamp&quot;:&quot;0&quot;,&quot;copyright&quot;:&quot;&quot;,&quot;focal_length&quot;:&quot;0&quot;,&quot;iso&quot;:&quot;0&quot;,&quot;shutter_speed&quot;:&quot;0&quot;,&quot;title&quot;:&quot;&quot;,&quot;orientation&quot;:&quot;0&quot;}\" data-image-title=\"diogo jota y su familia\" data-image-description=\"\" data-image-caption=\"\" data-medium-file=\"https:\/\/revistafanatikos.com\/portal\/wp-content\/uploads\/2025\/07\/diogo-jota-y-su-familia-285x300.png\" data-large-file=\"https:\/\/revistafanatikos.com\/portal\/wp-content\/uploads\/2025\/07\/diogo-jota-y-su-familia.png\" src=\"https:\/\/revistafanatikos.com\/portal\/wp-content\/uploads\/2025\/07\/diogo-jota-y-su-familia.png\" alt=\"Foto: Tomada de Internet\" class=\"wp-image-1928\" srcset=\"https:\/\/revistafanatikos.com\/portal\/wp-content\/uploads\/2025\/07\/diogo-jota-y-su-familia.png 434w, https:\/\/revistafanatikos.com\/portal\/wp-content\/uploads\/2025\/07\/diogo-jota-y-su-familia-285x300.png 285w\" sizes=\"auto, (max-width: 434px) 100vw, 434px\" \/><figcaption class=\"wp-element-caption\"><em>Foto: Tomada de Internet<\/em><\/figcaption><\/figure>\n<\/div>\n\n\n<p>Cuando el papa del jugador colombiano Luis D\u00edaz, fue secuestrado, Diogo Jota, en uno de los partidos de la Premier League, marco gol y lo celebro con dedicatoria al dif\u00edcil momento que pasaba por esos dias el delantero de la selecci\u00f3n Colombia. <\/p>\n\n\n<div class=\"wp-block-image\">\n<figure class=\"aligncenter size-full\"><img loading=\"lazy\" decoding=\"async\" width=\"766\" height=\"540\" data-attachment-id=\"1923\" data-permalink=\"https:\/\/revistafanatikos.com\/portal\/2025\/07\/03\/luto-en-el-futbol-mundial-fallecio-tragicamente-diogo-jota-jugador-de-liverpool\/captura-de-pantalla-2025-07-03-a-las-12-45-28-p-m\/\" data-orig-file=\"https:\/\/revistafanatikos.com\/portal\/wp-content\/uploads\/2025\/07\/Captura-de-Pantalla-2025-07-03-a-las-12.45.28-p.-m.png\" data-orig-size=\"766,540\" data-comments-opened=\"0\" data-image-meta=\"{&quot;aperture&quot;:&quot;0&quot;,&quot;credit&quot;:&quot;&quot;,&quot;camera&quot;:&quot;&quot;,&quot;caption&quot;:&quot;&quot;,&quot;created_timestamp&quot;:&quot;0&quot;,&quot;copyright&quot;:&quot;&quot;,&quot;focal_length&quot;:&quot;0&quot;,&quot;iso&quot;:&quot;0&quot;,&quot;shutter_speed&quot;:&quot;0&quot;,&quot;title&quot;:&quot;&quot;,&quot;orientation&quot;:&quot;0&quot;}\" data-image-title=\"Captura de Pantalla 2025-07-03 a la(s) 12.45.28 p.\u00a0m.\" data-image-description=\"\" data-image-caption=\"\" data-medium-file=\"https:\/\/revistafanatikos.com\/portal\/wp-content\/uploads\/2025\/07\/Captura-de-Pantalla-2025-07-03-a-las-12.45.28-p.-m-300x211.png\" data-large-file=\"https:\/\/revistafanatikos.com\/portal\/wp-content\/uploads\/2025\/07\/Captura-de-Pantalla-2025-07-03-a-las-12.45.28-p.-m.png\" src=\"https:\/\/revistafanatikos.com\/portal\/wp-content\/uploads\/2025\/07\/Captura-de-Pantalla-2025-07-03-a-las-12.45.28-p.-m.png\" alt=\"Foto: Tomada de Internet.\" class=\"wp-image-1923\" srcset=\"https:\/\/revistafanatikos.com\/portal\/wp-content\/uploads\/2025\/07\/Captura-de-Pantalla-2025-07-03-a-las-12.45.28-p.-m.png 766w, https:\/\/revistafanatikos.com\/portal\/wp-content\/uploads\/2025\/07\/Captura-de-Pantalla-2025-07-03-a-las-12.45.28-p.-m-300x211.png 300w\" sizes=\"auto, (max-width: 766px) 100vw, 766px\" \/><figcaption class=\"wp-element-caption\"><em>Foto: Tomada de Internet<\/em><\/figcaption><\/figure>\n<\/div>","protected":false},"excerpt":{"rendered":"<p>Diogo Jota, jugador de Liverpool y compa\u00f1ero de Luis D\u00edaz, falleci\u00f3 en tr\u00e1gico accidente de tr\u00e1nsito junto a su hermano Andr\u00e9 Silva en Zamora, Espa\u00f1a. El accidente ocurri\u00f3 en la madrugada del mi\u00e9rcoles 3 de julio, en el automovil se encontraba Diogo Jota, de 28 a\u00f1os, junto a su hermano Andr\u00e9 Jota, de 26 a\u00f1os, [&hellip;]<\/p>\n","protected":false},"author":1,"featured_media":1926,"comment_status":"closed","ping_status":"closed","sticky":false,"template":"","format":"standard","meta":{"jetpack_post_was_ever_published":false,"_FSMCFIC_featured_image_caption":"Foto: Tomada de Internet.","_FSMCFIC_featured_image_nocaption":"","_FSMCFIC_featured_image_hide":"","_jetpack_newsletter_access":"","_jetpack_dont_email_post_to_subs":false,"_jetpack_newsletter_tier_id":0,"_jetpack_memberships_contains_paywalled_content":false,"_jetpack_memberships_contains_paid_content":false,"footnotes":"","jetpack_publicize_message":"","jetpack_publicize_feature_enabled":true,"jetpack_social_post_already_shared":false,"jetpack_social_options":{"image_generator_settings":{"template":"highway","enabled":false},"version":2}},"categories":[23],"tags":[27,42,28],"class_list":["post-1922","post","type-post","status-publish","format-standard","has-post-thumbnail","hentry","category-futboleando","tag-futbol","tag-futbol-internacional","tag-soccer"],"nelio_content":{"isAutoShareEnabled":true,"autoShareEndMode":"never","automationSources":{"useCustomSentences":false,"customSentences":[]},"followers":[],"suggestedReferences":[],"efiUrl":"","efiAlt":"","highlights":[],"permalinkQueryArgs":[],"series":[]},"jetpack_publicize_connections":[],"jetpack_featured_media_url":"https:\/\/revistafanatikos.com\/portal\/wp-content\/uploads\/2025\/07\/6866750aacd18.jpeg","jetpack_sharing_enabled":true,"jetpack_shortlink":"https:\/\/wp.me\/p9J6gF-v0","jetpack_likes_enabled":false,"_links":{"self":[{"href":"https:\/\/revistafanatikos.com\/portal\/wp-json\/wp\/v2\/posts\/1922","targetHints":{"allow":["GET"]}}],"collection":[{"href":"https:\/\/revistafanatikos.com\/portal\/wp-json\/wp\/v2\/posts"}],"about":[{"href":"https:\/\/revistafanatikos.com\/portal\/wp-json\/wp\/v2\/types\/post"}],"author":[{"embeddable":true,"href":"https:\/\/revistafanatikos.com\/portal\/wp-json\/wp\/v2\/users\/1"}],"replies":[{"embeddable":true,"href":"https:\/\/revistafanatikos.com\/portal\/wp-json\/wp\/v2\/comments?post=1922"}],"version-history":[{"count":2,"href":"https:\/\/revistafanatikos.com\/portal\/wp-json\/wp\/v2\/posts\/1922\/revisions"}],"predecessor-version":[{"id":1931,"href":"https:\/\/revistafanatikos.com\/portal\/wp-json\/wp\/v2\/posts\/1922\/revisions\/1931"}],"wp:featuredmedia":[{"embeddable":true,"href":"https:\/\/revistafanatikos.com\/portal\/wp-json\/wp\/v2\/media\/1926"}],"wp:attachment":[{"href":"https:\/\/revistafanatikos.com\/portal\/wp-json\/wp\/v2\/media?parent=1922"}],"wp:term":[{"taxonomy":"category","embeddable":true,"href":"https:\/\/revistafanatikos.com\/portal\/wp-json\/wp\/v2\/categories?post=1922"},{"taxonomy":"post_tag","embeddable":true,"href":"https:\/\/revistafanatikos.com\/portal\/wp-json\/wp\/v2\/tags?post=1922"}],"curies":[{"name":"wp","href":"https:\/\/api.w.org\/{rel}","templated":true}]}}