{"id":1264,"date":"2021-01-14T22:46:19","date_gmt":"2021-01-15T03:46:19","guid":{"rendered":"http:\/\/revistafanatikos.com\/portal\/?p=1264"},"modified":"2021-01-14T22:46:19","modified_gmt":"2021-01-15T03:46:19","slug":"oficial-reinaldo-rueda-nuevo-tecnico-de-la-seleccion-colombia","status":"publish","type":"post","link":"https:\/\/revistafanatikos.com\/portal\/2021\/01\/14\/oficial-reinaldo-rueda-nuevo-tecnico-de-la-seleccion-colombia\/","title":{"rendered":"Oficial: Reinaldo Rueda, nuevo t\u00e9cnico de la selecci\u00f3n Colombia"},"content":{"rendered":"<p>Despu\u00e9s de tantos d\u00edas de incertidumbre y negociaciones, se dio por confirmada la vinculaci\u00f3n del profesor Reinaldo Rueda, quien tendr\u00e1 una segunda oportunidad y una revancha de poder llevar a la Tricolor a Qatar. En su primer paso qued\u00f3 afuera de Alemania 2006 por muy pocos puntos.<\/p>\n<p>Por medio de un comunicado oficial de la FCF se confirm\u00f3 la llegada del profesor, quien tiene contrato hasta diciembre de 2022, es decir hasta el Mundial de Catar\u00bb.\u00a0El profe Reinaldo Rueda y su cuerpo t\u00e9cnico recibir\u00edan cerca de US$3,5 millones al a\u00f1o.<\/p>\n<blockquote class=\"twitter-tweet\">\n<p dir=\"ltr\" lang=\"es\">\u00a1Bienvenido Profe! <a href=\"https:\/\/twitter.com\/ReinaldoRuedaDT?ref_src=twsrc%5Etfw\">@ReinaldoRuedaDT<\/a> es el nuevo Director T\u00e9cnico de la Selecci\u00f3n Colombia Masculina de Mayores<\/p>\n<p>Muchos \u00e9xitos en esta nueva era dirigiendo el equipo de todos \ud83e\udd1c\ud83e\udd1b<\/p>\n<p>\ud83d\udd17 <a href=\"https:\/\/t.co\/bJTlLsUvaE\">https:\/\/t.co\/bJTlLsUvaE<\/a><a href=\"https:\/\/twitter.com\/hashtag\/VamosColombia?src=hash&amp;ref_src=twsrc%5Etfw\">#VamosColombia<\/a> \ud83c\udde8\ud83c\uddf4 <a href=\"https:\/\/t.co\/nJVIOcEEaC\">pic.twitter.com\/nJVIOcEEaC<\/a><\/p>\n<p>\u2014 Selecci\u00f3n Colombia (@FCFSeleccionCol) <a href=\"https:\/\/twitter.com\/FCFSeleccionCol\/status\/1349733033260142593?ref_src=twsrc%5Etfw\">January 14, 2021<\/a><\/p><\/blockquote>\n<p><script async src=\"https:\/\/platform.twitter.com\/widgets.js\" charset=\"utf-8\"><\/script><\/p>\n<p>&nbsp;<\/p>\n<p>&nbsp;<\/p>\n","protected":false},"excerpt":{"rendered":"<p>Despu\u00e9s de tantos d\u00edas de incertidumbre y negociaciones, se dio por confirmada la vinculaci\u00f3n del profesor Reinaldo Rueda, quien tendr\u00e1 una segunda oportunidad y una revancha de poder llevar a la Tricolor a Qatar. En su primer paso qued\u00f3 afuera de Alemania 2006 por muy pocos puntos. Por medio de un comunicado oficial de la [&hellip;]<\/p>\n","protected":false},"author":1,"featured_media":1265,"comment_status":"closed","ping_status":"closed","sticky":false,"template":"","format":"standard","meta":{"jetpack_post_was_ever_published":false,"_FSMCFIC_featured_image_caption":"","_FSMCFIC_featured_image_nocaption":"","_FSMCFIC_featured_image_hide":"","_jetpack_newsletter_access":"","_jetpack_dont_email_post_to_subs":false,"_jetpack_newsletter_tier_id":0,"_jetpack_memberships_contains_paywalled_content":false,"_jetpack_memberships_contains_paid_content":false,"footnotes":"","jetpack_publicize_message":"","jetpack_publicize_feature_enabled":true,"jetpack_social_post_already_shared":true,"jetpack_social_options":{"image_generator_settings":{"template":"highway","default_image_id":0,"font":"","enabled":false},"version":2}},"categories":[43],"tags":[41],"class_list":["post-1264","post","type-post","status-publish","format-standard","has-post-thumbnail","hentry","category-la-tricolor","tag-seleccion-colombia"],"nelio_content":{"isAutoShareEnabled":true,"autoShareEndMode":"never","automationSources":{"useCustomSentences":false,"customSentences":[]},"followers":[],"suggestedReferences":[],"efiUrl":"","efiAlt":"","highlights":[],"permalinkQueryArgs":[],"series":[]},"jetpack_publicize_connections":[],"jetpack_featured_media_url":"https:\/\/revistafanatikos.com\/portal\/wp-content\/uploads\/2021\/01\/reinaldo-rueda-nuevo-entrenador-de-la-seleccion-de-colombia.jpg","jetpack_sharing_enabled":true,"jetpack_shortlink":"https:\/\/wp.me\/p9J6gF-ko","jetpack_likes_enabled":false,"_links":{"self":[{"href":"https:\/\/revistafanatikos.com\/portal\/wp-json\/wp\/v2\/posts\/1264","targetHints":{"allow":["GET"]}}],"collection":[{"href":"https:\/\/revistafanatikos.com\/portal\/wp-json\/wp\/v2\/posts"}],"about":[{"href":"https:\/\/revistafanatikos.com\/portal\/wp-json\/wp\/v2\/types\/post"}],"author":[{"embeddable":true,"href":"https:\/\/revistafanatikos.com\/portal\/wp-json\/wp\/v2\/users\/1"}],"replies":[{"embeddable":true,"href":"https:\/\/revistafanatikos.com\/portal\/wp-json\/wp\/v2\/comments?post=1264"}],"version-history":[{"count":1,"href":"https:\/\/revistafanatikos.com\/portal\/wp-json\/wp\/v2\/posts\/1264\/revisions"}],"predecessor-version":[{"id":1266,"href":"https:\/\/revistafanatikos.com\/portal\/wp-json\/wp\/v2\/posts\/1264\/revisions\/1266"}],"wp:featuredmedia":[{"embeddable":true,"href":"https:\/\/revistafanatikos.com\/portal\/wp-json\/wp\/v2\/media\/1265"}],"wp:attachment":[{"href":"https:\/\/revistafanatikos.com\/portal\/wp-json\/wp\/v2\/media?parent=1264"}],"wp:term":[{"taxonomy":"category","embeddable":true,"href":"https:\/\/revistafanatikos.com\/portal\/wp-json\/wp\/v2\/categories?post=1264"},{"taxonomy":"post_tag","embeddable":true,"href":"https:\/\/revistafanatikos.com\/portal\/wp-json\/wp\/v2\/tags?post=1264"}],"curies":[{"name":"wp","href":"https:\/\/api.w.org\/{rel}","templated":true}]}}